{"id":2957,"date":"2023-10-04T11:40:14","date_gmt":"2023-10-04T09:40:14","guid":{"rendered":"https:\/\/press.jemiol.com\/?p=2957"},"modified":"2023-10-04T11:40:16","modified_gmt":"2023-10-04T09:40:16","slug":"veneziana-partnerem-sesji-aw23-24","status":"publish","type":"post","link":"https:\/\/press.jemiol.com\/index.php\/2023\/10\/04\/veneziana-partnerem-sesji-aw23-24\/","title":{"rendered":"Veneziana partnerem sesji AW23\/24"},"content":{"rendered":"\n<p>Z przyjemno\u015bci\u0105 dzielimy si\u0119 z Wami efektami naszej wsp\u00f3\u0142pracy z mark\u0105 Veneziana, kt\u00f3ra by\u0142a naszym partnerem podczas sesji zdj\u0119ciowej na kolekcj\u0119 AW23\/24. Produkty marki Veneziana wprowadzi\u0142y subtelny i wyrafinowany akcent do wybranych stylizacji, dodaj\u0105c im klasy oraz nowoczesnego stylu, tworz\u0105c niezapomniane po\u0142\u0105czenia z innymi elementami naszych kreacji.&nbsp;<\/p>\n\n\n\n<figure class=\"wp-block-image size-large is-style-default\"><img loading=\"lazy\" width=\"1024\" height=\"460\" src=\"https:\/\/press.jemiol.com\/wp-content\/uploads\/2023\/10\/2-1-1-1024x460.png\" alt=\"\" class=\"wp-image-2961\" srcset=\"https:\/\/press.jemiol.com\/wp-content\/uploads\/2023\/10\/2-1-1-1024x460.png 1024w, https:\/\/press.jemiol.com\/wp-content\/uploads\/2023\/10\/2-1-1-300x135.png 300w, https:\/\/press.jemiol.com\/wp-content\/uploads\/2023\/10\/2-1-1-768x345.png 768w, https:\/\/press.jemiol.com\/wp-content\/uploads\/2023\/10\/2-1-1-640x287.png 640w, https:\/\/press.jemiol.com\/wp-content\/uploads\/2023\/10\/2-1-1-960x431.png 960w, https:\/\/press.jemiol.com\/wp-content\/uploads\/2023\/10\/2-1-1.png 1080w\" sizes=\"(max-width: 1024px) 100vw, 1024px\" \/><\/figure>\n\n\n\n<p>Serdecznie dzi\u0119kujemy marce Veneziana za zaanga\u017cowanie i wsparcie, kt\u00f3re przyczyni\u0142y si\u0119 do stworzenia kompletnych look\u00f3w, kt\u00f3rymi mo\u017cemy Was inspirowa\u0107.<\/p>\n\n\n\n<figure class=\"wp-block-image size-large is-style-default\"><img loading=\"lazy\" width=\"1024\" height=\"744\" src=\"https:\/\/press.jemiol.com\/wp-content\/uploads\/2023\/10\/3-1-1024x744.png\" alt=\"\" class=\"wp-image-2962\" srcset=\"https:\/\/press.jemiol.com\/wp-content\/uploads\/2023\/10\/3-1-1024x744.png 1024w, https:\/\/press.jemiol.com\/wp-content\/uploads\/2023\/10\/3-1-300x218.png 300w, https:\/\/press.jemiol.com\/wp-content\/uploads\/2023\/10\/3-1-768x558.png 768w, https:\/\/press.jemiol.com\/wp-content\/uploads\/2023\/10\/3-1-640x465.png 640w, https:\/\/press.jemiol.com\/wp-content\/uploads\/2023\/10\/3-1-960x698.png 960w, https:\/\/press.jemiol.com\/wp-content\/uploads\/2023\/10\/3-1.png 1080w\" sizes=\"(max-width: 1024px) 100vw, 1024px\" \/><\/figure>\n\n\n\n<p><a href=\"https:\/\/veneziana.pl\/\" target=\"_blank\" rel=\"noreferrer noopener\">Zobacz ofert\u0119 naszego partnera<\/a><\/p>\n","protected":false},"excerpt":{"rendered":"Z przyjemno\u015bci\u0105 dzielimy si\u0119 z Wami efektami naszej wsp\u00f3\u0142pracy z mark\u0105 Veneziana, kt\u00f3ra by\u0142a naszym partnerem podczas sesji&hellip;\n","protected":false},"author":2,"featured_media":2959,"comment_status":"closed","ping_status":"open","sticky":false,"template":"","format":"standard","meta":[],"categories":[14],"tags":[],"yoast_head":"<!-- This site is optimized with the Yoast SEO plugin v18.0 - https:\/\/yoast.com\/wordpress\/plugins\/seo\/ -->\n<title>Veneziana partnerem sesji AW23\/24 - Biuro prasowe - \u0141ukasz Jemio\u0142<\/title>\n<meta name=\"robots\" content=\"index, follow, max-snippet:-1, max-image-preview:large, max-video-preview:-1\" \/>\n<link rel=\"canonical\" href=\"https:\/\/press.jemiol.com\/index.php\/2023\/10\/04\/veneziana-partnerem-sesji-aw23-24\/\" \/>\n<meta property=\"og:locale\" content=\"pl_PL\" \/>\n<meta property=\"og:type\" content=\"article\" \/>\n<meta property=\"og:title\" content=\"Veneziana partnerem sesji AW23\/24 - Biuro prasowe - \u0141ukasz Jemio\u0142\" \/>\n<meta property=\"og:description\" content=\"Z przyjemno\u015bci\u0105 dzielimy si\u0119 z Wami efektami naszej wsp\u00f3\u0142pracy z mark\u0105 Veneziana, kt\u00f3ra by\u0142a naszym partnerem podczas sesji&hellip;\" \/>\n<meta property=\"og:url\" content=\"https:\/\/press.jemiol.com\/index.php\/2023\/10\/04\/veneziana-partnerem-sesji-aw23-24\/\" \/>\n<meta property=\"og:site_name\" content=\"Biuro prasowe - \u0141ukasz Jemio\u0142\" \/>\n<meta property=\"article:publisher\" content=\"https:\/\/www.facebook.com\/LukaszJemiol\" \/>\n<meta property=\"article:published_time\" content=\"2023-10-04T09:40:14+00:00\" \/>\n<meta property=\"article:modified_time\" content=\"2023-10-04T09:40:16+00:00\" \/>\n<meta property=\"og:image\" content=\"https:\/\/press.jemiol.com\/wp-content\/uploads\/2023\/10\/1-1.png\" \/>\n\t<meta property=\"og:image:width\" content=\"1080\" \/>\n\t<meta property=\"og:image:height\" content=\"1080\" \/>\n\t<meta property=\"og:image:type\" content=\"image\/png\" \/>\n<meta name=\"twitter:card\" content=\"summary_large_image\" \/>\n<meta name=\"twitter:label1\" content=\"Napisane przez\" \/>\n\t<meta name=\"twitter:data1\" content=\"Jemiol\" \/>\n\t<meta name=\"twitter:label2\" content=\"Szacowany czas czytania\" \/>\n\t<meta name=\"twitter:data2\" content=\"1 minuta\" \/>\n<script type=\"application\/ld+json\" class=\"yoast-schema-graph\">{\"@context\":\"https:\/\/schema.org\",\"@graph\":[{\"@type\":\"Organization\",\"@id\":\"https:\/\/press.jemiol.com\/#organization\",\"name\":\"Biuro prasowe \u0141ukasz Jemio\u0142\",\"url\":\"https:\/\/press.jemiol.com\/\",\"sameAs\":[\"https:\/\/www.facebook.com\/LukaszJemiol\",\"https:\/\/www.instagram.com\/lukaszjemiol\/\",\"https:\/\/www.linkedin.com\/company\/lukaszjemiol\/\"],\"logo\":{\"@type\":\"ImageObject\",\"@id\":\"https:\/\/press.jemiol.com\/#logo\",\"inLanguage\":\"pl-PL\",\"url\":\"https:\/\/press.jemiol.com\/wp-content\/uploads\/2021\/04\/logo-biale-czarne-tlo-500x500-1.png\",\"contentUrl\":\"https:\/\/press.jemiol.com\/wp-content\/uploads\/2021\/04\/logo-biale-czarne-tlo-500x500-1.png\",\"width\":500,\"height\":500,\"caption\":\"Biuro prasowe \u0141ukasz Jemio\u0142\"},\"image\":{\"@id\":\"https:\/\/press.jemiol.com\/#logo\"}},{\"@type\":\"WebSite\",\"@id\":\"https:\/\/press.jemiol.com\/#website\",\"url\":\"https:\/\/press.jemiol.com\/\",\"name\":\"Biuro prasowe - \u0141ukasz Jemio\u0142\",\"description\":\"Strona internetowa biura prasowego jemiol.com\",\"publisher\":{\"@id\":\"https:\/\/press.jemiol.com\/#organization\"},\"potentialAction\":[{\"@type\":\"SearchAction\",\"target\":{\"@type\":\"EntryPoint\",\"urlTemplate\":\"https:\/\/press.jemiol.com\/?s={search_term_string}\"},\"query-input\":\"required name=search_term_string\"}],\"inLanguage\":\"pl-PL\"},{\"@type\":\"ImageObject\",\"@id\":\"https:\/\/press.jemiol.com\/index.php\/2023\/10\/04\/veneziana-partnerem-sesji-aw23-24\/#primaryimage\",\"inLanguage\":\"pl-PL\",\"url\":\"https:\/\/press.jemiol.com\/wp-content\/uploads\/2023\/10\/1-1.png\",\"contentUrl\":\"https:\/\/press.jemiol.com\/wp-content\/uploads\/2023\/10\/1-1.png\",\"width\":1080,\"height\":1080},{\"@type\":\"WebPage\",\"@id\":\"https:\/\/press.jemiol.com\/index.php\/2023\/10\/04\/veneziana-partnerem-sesji-aw23-24\/#webpage\",\"url\":\"https:\/\/press.jemiol.com\/index.php\/2023\/10\/04\/veneziana-partnerem-sesji-aw23-24\/\",\"name\":\"Veneziana partnerem sesji AW23\/24 - Biuro prasowe - \u0141ukasz Jemio\u0142\",\"isPartOf\":{\"@id\":\"https:\/\/press.jemiol.com\/#website\"},\"primaryImageOfPage\":{\"@id\":\"https:\/\/press.jemiol.com\/index.php\/2023\/10\/04\/veneziana-partnerem-sesji-aw23-24\/#primaryimage\"},\"datePublished\":\"2023-10-04T09:40:14+00:00\",\"dateModified\":\"2023-10-04T09:40:16+00:00\",\"breadcrumb\":{\"@id\":\"https:\/\/press.jemiol.com\/index.php\/2023\/10\/04\/veneziana-partnerem-sesji-aw23-24\/#breadcrumb\"},\"inLanguage\":\"pl-PL\",\"potentialAction\":[{\"@type\":\"ReadAction\",\"target\":[\"https:\/\/press.jemiol.com\/index.php\/2023\/10\/04\/veneziana-partnerem-sesji-aw23-24\/\"]}]},{\"@type\":\"BreadcrumbList\",\"@id\":\"https:\/\/press.jemiol.com\/index.php\/2023\/10\/04\/veneziana-partnerem-sesji-aw23-24\/#breadcrumb\",\"itemListElement\":[{\"@type\":\"ListItem\",\"position\":1,\"name\":\"Strona g\u0142\u00f3wna\",\"item\":\"https:\/\/press.jemiol.com\/\"},{\"@type\":\"ListItem\",\"position\":2,\"name\":\"Aktualno\u015bci\",\"item\":\"https:\/\/press.jemiol.com\/index.php\/category\/aktualnosci\/\"},{\"@type\":\"ListItem\",\"position\":3,\"name\":\"Veneziana partnerem sesji AW23\/24\"}]},{\"@type\":\"Article\",\"@id\":\"https:\/\/press.jemiol.com\/index.php\/2023\/10\/04\/veneziana-partnerem-sesji-aw23-24\/#article\",\"isPartOf\":{\"@id\":\"https:\/\/press.jemiol.com\/index.php\/2023\/10\/04\/veneziana-partnerem-sesji-aw23-24\/#webpage\"},\"author\":{\"@id\":\"https:\/\/press.jemiol.com\/#\/schema\/person\/da4087ac4b37c8d62e9413d8a0530392\"},\"headline\":\"Veneziana partnerem sesji AW23\/24\",\"datePublished\":\"2023-10-04T09:40:14+00:00\",\"dateModified\":\"2023-10-04T09:40:16+00:00\",\"mainEntityOfPage\":{\"@id\":\"https:\/\/press.jemiol.com\/index.php\/2023\/10\/04\/veneziana-partnerem-sesji-aw23-24\/#webpage\"},\"wordCount\":91,\"publisher\":{\"@id\":\"https:\/\/press.jemiol.com\/#organization\"},\"image\":{\"@id\":\"https:\/\/press.jemiol.com\/index.php\/2023\/10\/04\/veneziana-partnerem-sesji-aw23-24\/#primaryimage\"},\"thumbnailUrl\":\"https:\/\/press.jemiol.com\/wp-content\/uploads\/2023\/10\/1-1.png\",\"articleSection\":[\"Aktualno\u015bci\"],\"inLanguage\":\"pl-PL\"},{\"@type\":\"Person\",\"@id\":\"https:\/\/press.jemiol.com\/#\/schema\/person\/da4087ac4b37c8d62e9413d8a0530392\",\"name\":\"Jemiol\",\"image\":{\"@type\":\"ImageObject\",\"@id\":\"https:\/\/press.jemiol.com\/#personlogo\",\"inLanguage\":\"pl-PL\",\"url\":\"https:\/\/secure.gravatar.com\/avatar\/96ba6c68ca10422ef8ca9fddb9d905a9?s=96&d=mm&r=g\",\"contentUrl\":\"https:\/\/secure.gravatar.com\/avatar\/96ba6c68ca10422ef8ca9fddb9d905a9?s=96&d=mm&r=g\",\"caption\":\"Jemiol\"},\"url\":\"https:\/\/press.jemiol.com\/index.php\/author\/jemiol\/\"}]}<\/script>\n<!-- \/ Yoast SEO plugin. -->","yoast_head_json":{"title":"Veneziana partnerem sesji AW23\/24 - Biuro prasowe - \u0141ukasz Jemio\u0142","robots":{"index":"index","follow":"follow","max-snippet":"max-snippet:-1","max-image-preview":"max-image-preview:large","max-video-preview":"max-video-preview:-1"},"canonical":"https:\/\/press.jemiol.com\/index.php\/2023\/10\/04\/veneziana-partnerem-sesji-aw23-24\/","og_locale":"pl_PL","og_type":"article","og_title":"Veneziana partnerem sesji AW23\/24 - Biuro prasowe - \u0141ukasz Jemio\u0142","og_description":"Z przyjemno\u015bci\u0105 dzielimy si\u0119 z Wami efektami naszej wsp\u00f3\u0142pracy z mark\u0105 Veneziana, kt\u00f3ra by\u0142a naszym partnerem podczas sesji&hellip;","og_url":"https:\/\/press.jemiol.com\/index.php\/2023\/10\/04\/veneziana-partnerem-sesji-aw23-24\/","og_site_name":"Biuro prasowe - \u0141ukasz Jemio\u0142","article_publisher":"https:\/\/www.facebook.com\/LukaszJemiol","article_published_time":"2023-10-04T09:40:14+00:00","article_modified_time":"2023-10-04T09:40:16+00:00","og_image":[{"width":1080,"height":1080,"url":"https:\/\/press.jemiol.com\/wp-content\/uploads\/2023\/10\/1-1.png","type":"image\/png"}],"twitter_card":"summary_large_image","twitter_misc":{"Napisane przez":"Jemiol","Szacowany czas czytania":"1 minuta"},"schema":{"@context":"https:\/\/schema.org","@graph":[{"@type":"Organization","@id":"https:\/\/press.jemiol.com\/#organization","name":"Biuro prasowe \u0141ukasz Jemio\u0142","url":"https:\/\/press.jemiol.com\/","sameAs":["https:\/\/www.facebook.com\/LukaszJemiol","https:\/\/www.instagram.com\/lukaszjemiol\/","https:\/\/www.linkedin.com\/company\/lukaszjemiol\/"],"logo":{"@type":"ImageObject","@id":"https:\/\/press.jemiol.com\/#logo","inLanguage":"pl-PL","url":"https:\/\/press.jemiol.com\/wp-content\/uploads\/2021\/04\/logo-biale-czarne-tlo-500x500-1.png","contentUrl":"https:\/\/press.jemiol.com\/wp-content\/uploads\/2021\/04\/logo-biale-czarne-tlo-500x500-1.png","width":500,"height":500,"caption":"Biuro prasowe \u0141ukasz Jemio\u0142"},"image":{"@id":"https:\/\/press.jemiol.com\/#logo"}},{"@type":"WebSite","@id":"https:\/\/press.jemiol.com\/#website","url":"https:\/\/press.jemiol.com\/","name":"Biuro prasowe - \u0141ukasz Jemio\u0142","description":"Strona internetowa biura prasowego jemiol.com","publisher":{"@id":"https:\/\/press.jemiol.com\/#organization"},"potentialAction":[{"@type":"SearchAction","target":{"@type":"EntryPoint","urlTemplate":"https:\/\/press.jemiol.com\/?s={search_term_string}"},"query-input":"required name=search_term_string"}],"inLanguage":"pl-PL"},{"@type":"ImageObject","@id":"https:\/\/press.jemiol.com\/index.php\/2023\/10\/04\/veneziana-partnerem-sesji-aw23-24\/#primaryimage","inLanguage":"pl-PL","url":"https:\/\/press.jemiol.com\/wp-content\/uploads\/2023\/10\/1-1.png","contentUrl":"https:\/\/press.jemiol.com\/wp-content\/uploads\/2023\/10\/1-1.png","width":1080,"height":1080},{"@type":"WebPage","@id":"https:\/\/press.jemiol.com\/index.php\/2023\/10\/04\/veneziana-partnerem-sesji-aw23-24\/#webpage","url":"https:\/\/press.jemiol.com\/index.php\/2023\/10\/04\/veneziana-partnerem-sesji-aw23-24\/","name":"Veneziana partnerem sesji AW23\/24 - Biuro prasowe - \u0141ukasz Jemio\u0142","isPartOf":{"@id":"https:\/\/press.jemiol.com\/#website"},"primaryImageOfPage":{"@id":"https:\/\/press.jemiol.com\/index.php\/2023\/10\/04\/veneziana-partnerem-sesji-aw23-24\/#primaryimage"},"datePublished":"2023-10-04T09:40:14+00:00","dateModified":"2023-10-04T09:40:16+00:00","breadcrumb":{"@id":"https:\/\/press.jemiol.com\/index.php\/2023\/10\/04\/veneziana-partnerem-sesji-aw23-24\/#breadcrumb"},"inLanguage":"pl-PL","potentialAction":[{"@type":"ReadAction","target":["https:\/\/press.jemiol.com\/index.php\/2023\/10\/04\/veneziana-partnerem-sesji-aw23-24\/"]}]},{"@type":"BreadcrumbList","@id":"https:\/\/press.jemiol.com\/index.php\/2023\/10\/04\/veneziana-partnerem-sesji-aw23-24\/#breadcrumb","itemListElement":[{"@type":"ListItem","position":1,"name":"Strona g\u0142\u00f3wna","item":"https:\/\/press.jemiol.com\/"},{"@type":"ListItem","position":2,"name":"Aktualno\u015bci","item":"https:\/\/press.jemiol.com\/index.php\/category\/aktualnosci\/"},{"@type":"ListItem","position":3,"name":"Veneziana partnerem sesji AW23\/24"}]},{"@type":"Article","@id":"https:\/\/press.jemiol.com\/index.php\/2023\/10\/04\/veneziana-partnerem-sesji-aw23-24\/#article","isPartOf":{"@id":"https:\/\/press.jemiol.com\/index.php\/2023\/10\/04\/veneziana-partnerem-sesji-aw23-24\/#webpage"},"author":{"@id":"https:\/\/press.jemiol.com\/#\/schema\/person\/da4087ac4b37c8d62e9413d8a0530392"},"headline":"Veneziana partnerem sesji AW23\/24","datePublished":"2023-10-04T09:40:14+00:00","dateModified":"2023-10-04T09:40:16+00:00","mainEntityOfPage":{"@id":"https:\/\/press.jemiol.com\/index.php\/2023\/10\/04\/veneziana-partnerem-sesji-aw23-24\/#webpage"},"wordCount":91,"publisher":{"@id":"https:\/\/press.jemiol.com\/#organization"},"image":{"@id":"https:\/\/press.jemiol.com\/index.php\/2023\/10\/04\/veneziana-partnerem-sesji-aw23-24\/#primaryimage"},"thumbnailUrl":"https:\/\/press.jemiol.com\/wp-content\/uploads\/2023\/10\/1-1.png","articleSection":["Aktualno\u015bci"],"inLanguage":"pl-PL"},{"@type":"Person","@id":"https:\/\/press.jemiol.com\/#\/schema\/person\/da4087ac4b37c8d62e9413d8a0530392","name":"Jemiol","image":{"@type":"ImageObject","@id":"https:\/\/press.jemiol.com\/#personlogo","inLanguage":"pl-PL","url":"https:\/\/secure.gravatar.com\/avatar\/96ba6c68ca10422ef8ca9fddb9d905a9?s=96&d=mm&r=g","contentUrl":"https:\/\/secure.gravatar.com\/avatar\/96ba6c68ca10422ef8ca9fddb9d905a9?s=96&d=mm&r=g","caption":"Jemiol"},"url":"https:\/\/press.jemiol.com\/index.php\/author\/jemiol\/"}]}},"_links":{"self":[{"href":"https:\/\/press.jemiol.com\/index.php\/wp-json\/wp\/v2\/posts\/2957"}],"collection":[{"href":"https:\/\/press.jemiol.com\/index.php\/wp-json\/wp\/v2\/posts"}],"about":[{"href":"https:\/\/press.jemiol.com\/index.php\/wp-json\/wp\/v2\/types\/post"}],"author":[{"embeddable":true,"href":"https:\/\/press.jemiol.com\/index.php\/wp-json\/wp\/v2\/users\/2"}],"replies":[{"embeddable":true,"href":"https:\/\/press.jemiol.com\/index.php\/wp-json\/wp\/v2\/comments?post=2957"}],"version-history":[{"count":3,"href":"https:\/\/press.jemiol.com\/index.php\/wp-json\/wp\/v2\/posts\/2957\/revisions"}],"predecessor-version":[{"id":2966,"href":"https:\/\/press.jemiol.com\/index.php\/wp-json\/wp\/v2\/posts\/2957\/revisions\/2966"}],"wp:featuredmedia":[{"embeddable":true,"href":"https:\/\/press.jemiol.com\/index.php\/wp-json\/wp\/v2\/media\/2959"}],"wp:attachment":[{"href":"https:\/\/press.jemiol.com\/index.php\/wp-json\/wp\/v2\/media?parent=2957"}],"wp:term":[{"taxonomy":"category","embeddable":true,"href":"https:\/\/press.jemiol.com\/index.php\/wp-json\/wp\/v2\/categories?post=2957"},{"taxonomy":"post_tag","embeddable":true,"href":"https:\/\/press.jemiol.com\/index.php\/wp-json\/wp\/v2\/tags?post=2957"}],"curies":[{"name":"wp","href":"https:\/\/api.w.org\/{rel}","templated":true}]}}