{"id":2553,"date":"2022-09-15T17:25:20","date_gmt":"2022-09-15T15:25:20","guid":{"rendered":"https:\/\/press.jemiol.com\/?p=2553"},"modified":"2022-09-16T10:55:22","modified_gmt":"2022-09-16T08:55:22","slug":"primabiotic-partnerem-zblizajacego-sie-pokazu-marki-jemiol","status":"publish","type":"post","link":"https:\/\/press.jemiol.com\/index.php\/2022\/09\/15\/primabiotic-partnerem-zblizajacego-sie-pokazu-marki-jemiol\/","title":{"rendered":"Primabiotic partnerem zbli\u017caj\u0105cego si\u0119 pokazu marki JEMIOL"},"content":{"rendered":"\n<p><em><a href=\"https:\/\/primabiotic.pl\" target=\"_blank\" rel=\"noreferrer noopener\">Primabiotic<\/a> zosta\u0142 partnerem najnowszego pokazu \u0141ukasza Jemio\u0142a. Wsp\u00f3\u0142praca czo\u0142owego polskiego projektanta i marki naturalnych suplement\u00f3w nie jest przypadkiem \u2013 \u0142\u0105czy nas podobne spojrzenie na pi\u0119kno i kwestie ekologii.<\/em><\/p>\n\n\n\n<p>Primabiotic dedykuje swoje produkty \u015bwiadomym konsumentom, kt\u00f3rzy zwracaj\u0105 uwag\u0119 na dobre sk\u0142ady i wysok\u0105 jako\u015b\u0107. Ka\u017cdy suplement czy kosmetyk wyr\u00f3\u017cnia si\u0119 dopracowan\u0105 w najdrobniejszych szczeg\u00f3\u0142ach receptur\u0105, pozbawion\u0105 konserwant\u00f3w i tego, co sztuczne.<\/p>\n\n\n\n<p>Topowy produkt marki \u2013 <a href=\"https:\/\/primabiotic.pl\/product\/primabiotic-collagen\/\" target=\"_blank\" rel=\"noreferrer noopener\">Collagen Primabiotic<\/a> \u2013 powsta\u0142 z my\u015bl\u0105 o wyra\u017caniu naturalnego pi\u0119kna, kt\u00f3re jest w ka\u017cdym z nas. Zadaniem kolagenowych shot\u00f3w jest wzmacnianie w\u0142os\u00f3w i paznokci, przywracanie j\u0119drno\u015bci sk\u00f3rze i nawil\u017canie jej od wewn\u0105trz. Marka wierzy, \u017ce holistyczne podej\u015bcie, z\u0142o\u017cone z suplementacji od wewn\u0105trz i odpowiedniej piel\u0119gnacji na zewn\u0105trz, jest kluczem do sukcesu i pozwala odkry\u0107 siebie na nowo.<\/p>\n\n\n\n<p>Pi\u0119kno i styl od zawsze si\u0119 przenika\u0142y. Wyrafinowana elegancja projekt\u00f3w \u0141ukasza Jemio\u0142a, nowatorskie spojrzenie na mod\u0119, korzystanie z ekologicznych tkanin czy uczestnictwo w programie Sklepy Wolne od Futer \u2013 to co\u015b, co wyj\u0105tkowo przyci\u0105ga.<\/p>\n\n\n\n<p>Filozofia Primabiotic r\u00f3wnie\u017c opiera si\u0119 na stuprocentowym zaufaniu do natury i bezkompromisowej jako\u015bci. Zam\u00f3wienia pakowane s\u0105 bez u\u017cycia plastiku, marka promuje te\u017c akcj\u0119 dawania drugiego \u017cycia pustym opakowaniom po swoich produktach.<\/p>\n\n\n\n<p>Wsp\u00f3\u0142pracuj\u0105c, mo\u017cemy si\u0119 wzajemnie inspirowa\u0107 i kszta\u0142towa\u0107 na nowo definicj\u0119 prawdziwego pi\u0119kna!<\/p>\n","protected":false},"excerpt":{"rendered":"Primabiotic zosta\u0142 partnerem najnowszego pokazu \u0141ukasza Jemio\u0142a. Wsp\u00f3\u0142praca czo\u0142owego polskiego projektanta i marki naturalnych suplement\u00f3w nie jest przypadkiem&hellip;\n","protected":false},"author":2,"featured_media":2554,"comment_status":"closed","ping_status":"open","sticky":false,"template":"","format":"standard","meta":[],"categories":[14,15],"tags":[],"yoast_head":"<!-- This site is optimized with the Yoast SEO plugin v18.0 - https:\/\/yoast.com\/wordpress\/plugins\/seo\/ -->\n<title>Primabiotic partnerem zbli\u017caj\u0105cego si\u0119 pokazu marki JEMIOL - Biuro prasowe - \u0141ukasz Jemio\u0142<\/title>\n<meta name=\"robots\" content=\"index, follow, max-snippet:-1, max-image-preview:large, max-video-preview:-1\" \/>\n<link rel=\"canonical\" href=\"https:\/\/press.jemiol.com\/index.php\/2022\/09\/15\/primabiotic-partnerem-zblizajacego-sie-pokazu-marki-jemiol\/\" \/>\n<meta property=\"og:locale\" content=\"pl_PL\" \/>\n<meta property=\"og:type\" content=\"article\" \/>\n<meta property=\"og:title\" content=\"Primabiotic partnerem zbli\u017caj\u0105cego si\u0119 pokazu marki JEMIOL - Biuro prasowe - \u0141ukasz Jemio\u0142\" \/>\n<meta property=\"og:description\" content=\"Primabiotic zosta\u0142 partnerem najnowszego pokazu \u0141ukasza Jemio\u0142a. Wsp\u00f3\u0142praca czo\u0142owego polskiego projektanta i marki naturalnych suplement\u00f3w nie jest przypadkiem&hellip;\" \/>\n<meta property=\"og:url\" content=\"https:\/\/press.jemiol.com\/index.php\/2022\/09\/15\/primabiotic-partnerem-zblizajacego-sie-pokazu-marki-jemiol\/\" \/>\n<meta property=\"og:site_name\" content=\"Biuro prasowe - \u0141ukasz Jemio\u0142\" \/>\n<meta property=\"article:publisher\" content=\"https:\/\/www.facebook.com\/LukaszJemiol\" \/>\n<meta property=\"article:published_time\" content=\"2022-09-15T15:25:20+00:00\" \/>\n<meta property=\"article:modified_time\" content=\"2022-09-16T08:55:22+00:00\" \/>\n<meta property=\"og:image\" content=\"https:\/\/press.jemiol.com\/wp-content\/uploads\/2022\/09\/jemiol-x-primabiotic.png\" \/>\n\t<meta property=\"og:image:width\" content=\"1080\" \/>\n\t<meta property=\"og:image:height\" content=\"1080\" \/>\n\t<meta property=\"og:image:type\" content=\"image\/png\" \/>\n<meta name=\"twitter:card\" content=\"summary_large_image\" \/>\n<meta name=\"twitter:label1\" content=\"Napisane przez\" \/>\n\t<meta name=\"twitter:data1\" content=\"Jemiol\" \/>\n\t<meta name=\"twitter:label2\" content=\"Szacowany czas czytania\" \/>\n\t<meta name=\"twitter:data2\" content=\"2 minuty\" \/>\n<script type=\"application\/ld+json\" class=\"yoast-schema-graph\">{\"@context\":\"https:\/\/schema.org\",\"@graph\":[{\"@type\":\"Organization\",\"@id\":\"https:\/\/press.jemiol.com\/#organization\",\"name\":\"Biuro prasowe \u0141ukasz Jemio\u0142\",\"url\":\"https:\/\/press.jemiol.com\/\",\"sameAs\":[\"https:\/\/www.facebook.com\/LukaszJemiol\",\"https:\/\/www.instagram.com\/lukaszjemiol\/\",\"https:\/\/www.linkedin.com\/company\/lukaszjemiol\/\"],\"logo\":{\"@type\":\"ImageObject\",\"@id\":\"https:\/\/press.jemiol.com\/#logo\",\"inLanguage\":\"pl-PL\",\"url\":\"https:\/\/press.jemiol.com\/wp-content\/uploads\/2021\/04\/logo-biale-czarne-tlo-500x500-1.png\",\"contentUrl\":\"https:\/\/press.jemiol.com\/wp-content\/uploads\/2021\/04\/logo-biale-czarne-tlo-500x500-1.png\",\"width\":500,\"height\":500,\"caption\":\"Biuro prasowe \u0141ukasz Jemio\u0142\"},\"image\":{\"@id\":\"https:\/\/press.jemiol.com\/#logo\"}},{\"@type\":\"WebSite\",\"@id\":\"https:\/\/press.jemiol.com\/#website\",\"url\":\"https:\/\/press.jemiol.com\/\",\"name\":\"Biuro prasowe - \u0141ukasz Jemio\u0142\",\"description\":\"Strona internetowa biura prasowego jemiol.com\",\"publisher\":{\"@id\":\"https:\/\/press.jemiol.com\/#organization\"},\"potentialAction\":[{\"@type\":\"SearchAction\",\"target\":{\"@type\":\"EntryPoint\",\"urlTemplate\":\"https:\/\/press.jemiol.com\/?s={search_term_string}\"},\"query-input\":\"required name=search_term_string\"}],\"inLanguage\":\"pl-PL\"},{\"@type\":\"ImageObject\",\"@id\":\"https:\/\/press.jemiol.com\/index.php\/2022\/09\/15\/primabiotic-partnerem-zblizajacego-sie-pokazu-marki-jemiol\/#primaryimage\",\"inLanguage\":\"pl-PL\",\"url\":\"https:\/\/press.jemiol.com\/wp-content\/uploads\/2022\/09\/jemiol-x-primabiotic.png\",\"contentUrl\":\"https:\/\/press.jemiol.com\/wp-content\/uploads\/2022\/09\/jemiol-x-primabiotic.png\",\"width\":1080,\"height\":1080},{\"@type\":\"WebPage\",\"@id\":\"https:\/\/press.jemiol.com\/index.php\/2022\/09\/15\/primabiotic-partnerem-zblizajacego-sie-pokazu-marki-jemiol\/#webpage\",\"url\":\"https:\/\/press.jemiol.com\/index.php\/2022\/09\/15\/primabiotic-partnerem-zblizajacego-sie-pokazu-marki-jemiol\/\",\"name\":\"Primabiotic partnerem zbli\u017caj\u0105cego si\u0119 pokazu marki JEMIOL - Biuro prasowe - \u0141ukasz Jemio\u0142\",\"isPartOf\":{\"@id\":\"https:\/\/press.jemiol.com\/#website\"},\"primaryImageOfPage\":{\"@id\":\"https:\/\/press.jemiol.com\/index.php\/2022\/09\/15\/primabiotic-partnerem-zblizajacego-sie-pokazu-marki-jemiol\/#primaryimage\"},\"datePublished\":\"2022-09-15T15:25:20+00:00\",\"dateModified\":\"2022-09-16T08:55:22+00:00\",\"breadcrumb\":{\"@id\":\"https:\/\/press.jemiol.com\/index.php\/2022\/09\/15\/primabiotic-partnerem-zblizajacego-sie-pokazu-marki-jemiol\/#breadcrumb\"},\"inLanguage\":\"pl-PL\",\"potentialAction\":[{\"@type\":\"ReadAction\",\"target\":[\"https:\/\/press.jemiol.com\/index.php\/2022\/09\/15\/primabiotic-partnerem-zblizajacego-sie-pokazu-marki-jemiol\/\"]}]},{\"@type\":\"BreadcrumbList\",\"@id\":\"https:\/\/press.jemiol.com\/index.php\/2022\/09\/15\/primabiotic-partnerem-zblizajacego-sie-pokazu-marki-jemiol\/#breadcrumb\",\"itemListElement\":[{\"@type\":\"ListItem\",\"position\":1,\"name\":\"Strona g\u0142\u00f3wna\",\"item\":\"https:\/\/press.jemiol.com\/\"},{\"@type\":\"ListItem\",\"position\":2,\"name\":\"Materia\u0142y prasowe\",\"item\":\"https:\/\/press.jemiol.com\/index.php\/category\/materialy-prasowe\/\"},{\"@type\":\"ListItem\",\"position\":3,\"name\":\"Primabiotic partnerem zbli\u017caj\u0105cego si\u0119 pokazu marki JEMIOL\"}]},{\"@type\":\"Article\",\"@id\":\"https:\/\/press.jemiol.com\/index.php\/2022\/09\/15\/primabiotic-partnerem-zblizajacego-sie-pokazu-marki-jemiol\/#article\",\"isPartOf\":{\"@id\":\"https:\/\/press.jemiol.com\/index.php\/2022\/09\/15\/primabiotic-partnerem-zblizajacego-sie-pokazu-marki-jemiol\/#webpage\"},\"author\":{\"@id\":\"https:\/\/press.jemiol.com\/#\/schema\/person\/da4087ac4b37c8d62e9413d8a0530392\"},\"headline\":\"Primabiotic partnerem zbli\u017caj\u0105cego si\u0119 pokazu marki JEMIOL\",\"datePublished\":\"2022-09-15T15:25:20+00:00\",\"dateModified\":\"2022-09-16T08:55:22+00:00\",\"mainEntityOfPage\":{\"@id\":\"https:\/\/press.jemiol.com\/index.php\/2022\/09\/15\/primabiotic-partnerem-zblizajacego-sie-pokazu-marki-jemiol\/#webpage\"},\"wordCount\":248,\"publisher\":{\"@id\":\"https:\/\/press.jemiol.com\/#organization\"},\"image\":{\"@id\":\"https:\/\/press.jemiol.com\/index.php\/2022\/09\/15\/primabiotic-partnerem-zblizajacego-sie-pokazu-marki-jemiol\/#primaryimage\"},\"thumbnailUrl\":\"https:\/\/press.jemiol.com\/wp-content\/uploads\/2022\/09\/jemiol-x-primabiotic.png\",\"articleSection\":[\"Aktualno\u015bci\",\"Materia\u0142y prasowe\"],\"inLanguage\":\"pl-PL\"},{\"@type\":\"Person\",\"@id\":\"https:\/\/press.jemiol.com\/#\/schema\/person\/da4087ac4b37c8d62e9413d8a0530392\",\"name\":\"Jemiol\",\"image\":{\"@type\":\"ImageObject\",\"@id\":\"https:\/\/press.jemiol.com\/#personlogo\",\"inLanguage\":\"pl-PL\",\"url\":\"https:\/\/secure.gravatar.com\/avatar\/96ba6c68ca10422ef8ca9fddb9d905a9?s=96&d=mm&r=g\",\"contentUrl\":\"https:\/\/secure.gravatar.com\/avatar\/96ba6c68ca10422ef8ca9fddb9d905a9?s=96&d=mm&r=g\",\"caption\":\"Jemiol\"},\"url\":\"https:\/\/press.jemiol.com\/index.php\/author\/jemiol\/\"}]}<\/script>\n<!-- \/ Yoast SEO plugin. -->","yoast_head_json":{"title":"Primabiotic partnerem zbli\u017caj\u0105cego si\u0119 pokazu marki JEMIOL - Biuro prasowe - \u0141ukasz Jemio\u0142","robots":{"index":"index","follow":"follow","max-snippet":"max-snippet:-1","max-image-preview":"max-image-preview:large","max-video-preview":"max-video-preview:-1"},"canonical":"https:\/\/press.jemiol.com\/index.php\/2022\/09\/15\/primabiotic-partnerem-zblizajacego-sie-pokazu-marki-jemiol\/","og_locale":"pl_PL","og_type":"article","og_title":"Primabiotic partnerem zbli\u017caj\u0105cego si\u0119 pokazu marki JEMIOL - Biuro prasowe - \u0141ukasz Jemio\u0142","og_description":"Primabiotic zosta\u0142 partnerem najnowszego pokazu \u0141ukasza Jemio\u0142a. Wsp\u00f3\u0142praca czo\u0142owego polskiego projektanta i marki naturalnych suplement\u00f3w nie jest przypadkiem&hellip;","og_url":"https:\/\/press.jemiol.com\/index.php\/2022\/09\/15\/primabiotic-partnerem-zblizajacego-sie-pokazu-marki-jemiol\/","og_site_name":"Biuro prasowe - \u0141ukasz Jemio\u0142","article_publisher":"https:\/\/www.facebook.com\/LukaszJemiol","article_published_time":"2022-09-15T15:25:20+00:00","article_modified_time":"2022-09-16T08:55:22+00:00","og_image":[{"width":1080,"height":1080,"url":"https:\/\/press.jemiol.com\/wp-content\/uploads\/2022\/09\/jemiol-x-primabiotic.png","type":"image\/png"}],"twitter_card":"summary_large_image","twitter_misc":{"Napisane przez":"Jemiol","Szacowany czas czytania":"2 minuty"},"schema":{"@context":"https:\/\/schema.org","@graph":[{"@type":"Organization","@id":"https:\/\/press.jemiol.com\/#organization","name":"Biuro prasowe \u0141ukasz Jemio\u0142","url":"https:\/\/press.jemiol.com\/","sameAs":["https:\/\/www.facebook.com\/LukaszJemiol","https:\/\/www.instagram.com\/lukaszjemiol\/","https:\/\/www.linkedin.com\/company\/lukaszjemiol\/"],"logo":{"@type":"ImageObject","@id":"https:\/\/press.jemiol.com\/#logo","inLanguage":"pl-PL","url":"https:\/\/press.jemiol.com\/wp-content\/uploads\/2021\/04\/logo-biale-czarne-tlo-500x500-1.png","contentUrl":"https:\/\/press.jemiol.com\/wp-content\/uploads\/2021\/04\/logo-biale-czarne-tlo-500x500-1.png","width":500,"height":500,"caption":"Biuro prasowe \u0141ukasz Jemio\u0142"},"image":{"@id":"https:\/\/press.jemiol.com\/#logo"}},{"@type":"WebSite","@id":"https:\/\/press.jemiol.com\/#website","url":"https:\/\/press.jemiol.com\/","name":"Biuro prasowe - \u0141ukasz Jemio\u0142","description":"Strona internetowa biura prasowego jemiol.com","publisher":{"@id":"https:\/\/press.jemiol.com\/#organization"},"potentialAction":[{"@type":"SearchAction","target":{"@type":"EntryPoint","urlTemplate":"https:\/\/press.jemiol.com\/?s={search_term_string}"},"query-input":"required name=search_term_string"}],"inLanguage":"pl-PL"},{"@type":"ImageObject","@id":"https:\/\/press.jemiol.com\/index.php\/2022\/09\/15\/primabiotic-partnerem-zblizajacego-sie-pokazu-marki-jemiol\/#primaryimage","inLanguage":"pl-PL","url":"https:\/\/press.jemiol.com\/wp-content\/uploads\/2022\/09\/jemiol-x-primabiotic.png","contentUrl":"https:\/\/press.jemiol.com\/wp-content\/uploads\/2022\/09\/jemiol-x-primabiotic.png","width":1080,"height":1080},{"@type":"WebPage","@id":"https:\/\/press.jemiol.com\/index.php\/2022\/09\/15\/primabiotic-partnerem-zblizajacego-sie-pokazu-marki-jemiol\/#webpage","url":"https:\/\/press.jemiol.com\/index.php\/2022\/09\/15\/primabiotic-partnerem-zblizajacego-sie-pokazu-marki-jemiol\/","name":"Primabiotic partnerem zbli\u017caj\u0105cego si\u0119 pokazu marki JEMIOL - Biuro prasowe - \u0141ukasz Jemio\u0142","isPartOf":{"@id":"https:\/\/press.jemiol.com\/#website"},"primaryImageOfPage":{"@id":"https:\/\/press.jemiol.com\/index.php\/2022\/09\/15\/primabiotic-partnerem-zblizajacego-sie-pokazu-marki-jemiol\/#primaryimage"},"datePublished":"2022-09-15T15:25:20+00:00","dateModified":"2022-09-16T08:55:22+00:00","breadcrumb":{"@id":"https:\/\/press.jemiol.com\/index.php\/2022\/09\/15\/primabiotic-partnerem-zblizajacego-sie-pokazu-marki-jemiol\/#breadcrumb"},"inLanguage":"pl-PL","potentialAction":[{"@type":"ReadAction","target":["https:\/\/press.jemiol.com\/index.php\/2022\/09\/15\/primabiotic-partnerem-zblizajacego-sie-pokazu-marki-jemiol\/"]}]},{"@type":"BreadcrumbList","@id":"https:\/\/press.jemiol.com\/index.php\/2022\/09\/15\/primabiotic-partnerem-zblizajacego-sie-pokazu-marki-jemiol\/#breadcrumb","itemListElement":[{"@type":"ListItem","position":1,"name":"Strona g\u0142\u00f3wna","item":"https:\/\/press.jemiol.com\/"},{"@type":"ListItem","position":2,"name":"Materia\u0142y prasowe","item":"https:\/\/press.jemiol.com\/index.php\/category\/materialy-prasowe\/"},{"@type":"ListItem","position":3,"name":"Primabiotic partnerem zbli\u017caj\u0105cego si\u0119 pokazu marki JEMIOL"}]},{"@type":"Article","@id":"https:\/\/press.jemiol.com\/index.php\/2022\/09\/15\/primabiotic-partnerem-zblizajacego-sie-pokazu-marki-jemiol\/#article","isPartOf":{"@id":"https:\/\/press.jemiol.com\/index.php\/2022\/09\/15\/primabiotic-partnerem-zblizajacego-sie-pokazu-marki-jemiol\/#webpage"},"author":{"@id":"https:\/\/press.jemiol.com\/#\/schema\/person\/da4087ac4b37c8d62e9413d8a0530392"},"headline":"Primabiotic partnerem zbli\u017caj\u0105cego si\u0119 pokazu marki JEMIOL","datePublished":"2022-09-15T15:25:20+00:00","dateModified":"2022-09-16T08:55:22+00:00","mainEntityOfPage":{"@id":"https:\/\/press.jemiol.com\/index.php\/2022\/09\/15\/primabiotic-partnerem-zblizajacego-sie-pokazu-marki-jemiol\/#webpage"},"wordCount":248,"publisher":{"@id":"https:\/\/press.jemiol.com\/#organization"},"image":{"@id":"https:\/\/press.jemiol.com\/index.php\/2022\/09\/15\/primabiotic-partnerem-zblizajacego-sie-pokazu-marki-jemiol\/#primaryimage"},"thumbnailUrl":"https:\/\/press.jemiol.com\/wp-content\/uploads\/2022\/09\/jemiol-x-primabiotic.png","articleSection":["Aktualno\u015bci","Materia\u0142y prasowe"],"inLanguage":"pl-PL"},{"@type":"Person","@id":"https:\/\/press.jemiol.com\/#\/schema\/person\/da4087ac4b37c8d62e9413d8a0530392","name":"Jemiol","image":{"@type":"ImageObject","@id":"https:\/\/press.jemiol.com\/#personlogo","inLanguage":"pl-PL","url":"https:\/\/secure.gravatar.com\/avatar\/96ba6c68ca10422ef8ca9fddb9d905a9?s=96&d=mm&r=g","contentUrl":"https:\/\/secure.gravatar.com\/avatar\/96ba6c68ca10422ef8ca9fddb9d905a9?s=96&d=mm&r=g","caption":"Jemiol"},"url":"https:\/\/press.jemiol.com\/index.php\/author\/jemiol\/"}]}},"_links":{"self":[{"href":"https:\/\/press.jemiol.com\/index.php\/wp-json\/wp\/v2\/posts\/2553"}],"collection":[{"href":"https:\/\/press.jemiol.com\/index.php\/wp-json\/wp\/v2\/posts"}],"about":[{"href":"https:\/\/press.jemiol.com\/index.php\/wp-json\/wp\/v2\/types\/post"}],"author":[{"embeddable":true,"href":"https:\/\/press.jemiol.com\/index.php\/wp-json\/wp\/v2\/users\/2"}],"replies":[{"embeddable":true,"href":"https:\/\/press.jemiol.com\/index.php\/wp-json\/wp\/v2\/comments?post=2553"}],"version-history":[{"count":4,"href":"https:\/\/press.jemiol.com\/index.php\/wp-json\/wp\/v2\/posts\/2553\/revisions"}],"predecessor-version":[{"id":2559,"href":"https:\/\/press.jemiol.com\/index.php\/wp-json\/wp\/v2\/posts\/2553\/revisions\/2559"}],"wp:featuredmedia":[{"embeddable":true,"href":"https:\/\/press.jemiol.com\/index.php\/wp-json\/wp\/v2\/media\/2554"}],"wp:attachment":[{"href":"https:\/\/press.jemiol.com\/index.php\/wp-json\/wp\/v2\/media?parent=2553"}],"wp:term":[{"taxonomy":"category","embeddable":true,"href":"https:\/\/press.jemiol.com\/index.php\/wp-json\/wp\/v2\/categories?post=2553"},{"taxonomy":"post_tag","embeddable":true,"href":"https:\/\/press.jemiol.com\/index.php\/wp-json\/wp\/v2\/tags?post=2553"}],"curies":[{"name":"wp","href":"https:\/\/api.w.org\/{rel}","templated":true}]}}